{"id":966,"date":"2020-03-04T18:34:00","date_gmt":"2020-03-04T17:34:00","guid":{"rendered":"https:\/\/pprd.theramex.com\/es\/?p=966"},"modified":"2022-02-28T11:21:40","modified_gmt":"2022-02-28T10:21:40","slug":"robert-stewart-nuevo-ceo-de-theramex","status":"publish","type":"post","link":"https:\/\/www.theramex.com\/es\/noticias\/robert-stewart-nuevo-ceo-de-theramex\/","title":{"rendered":"Robert Stewart, nuevo CEO de Theramex"},"content":{"rendered":"\n<p>Theramex, la empresa farmac\u00e9utica global especializada, dedicada a la salud de la mujer, se complace en anunciar el nombramiento de Robert Stewart como nuevo <em>CEO<\/em>, con fecha efectiva desde el 9 de marzo de 2020. Anish Mehta ha decidido dejar el puesto de <em>CEO<\/em> por motivos personales, pero colaborar\u00e1 con Robert para garantizar una transici\u00f3n sin problemas durante los pr\u00f3ximos meses.<\/p>\n\n\n\n<p>Anish ha completado con \u00e9xito la primera fase de separaci\u00f3n de Theramex de Teva. Durante su etapa ha creado una s\u00f3lida base para la empresa, centrada en hacer que las mujeres de todo el mundo sean m\u00e1s felices y sanas con la ayuda de los productos Theramex. Robert y su equipo continuar\u00e1n construyendo sobre esta s\u00f3lida base en la siguiente fase, para impulsar la mejor actuaci\u00f3n comercial y la implantaci\u00f3n con \u00e9xito de la ambici\u00f3n estrat\u00e9gica de la empresa de ser un compa\u00f1ero de la mujer a lo largo de toda su vida, y de sus profesionales sanitarios.<\/p>\n\n\n\n<p>Antes de incorporarse a Theramex, Robert fue <em>CEO<\/em> de Amneal, una empresa farmac\u00e9utica global con una facturaci\u00f3n de 1700 millones de $, con m\u00e1s de 225 productos vendidos en los mercados de todo el mundo y una plantilla de m\u00e1s de 6000 empleados. Tambi\u00e9n trabaj\u00f3 como Director de Operaciones del grupo Allergan, donde obtuvo una gran experiencia en la salud de la mujer, est\u00e9tica, gen\u00e9ricos especializados y de marca, todo lo cual le llev\u00f3 a ocupar su nuevo puesto en Theramex.<\/p>\n\n\n\n<p>Fred Hassan, presidente de Theramex, afirm\u00f3: \u00abNos complace dar la bienvenida a Robert a Theramex y esperamos ver c\u00f3mo \u00e9l y su equipo contin\u00faan con nuestra ambici\u00f3n de crear la mejor empresa de su clase dedicada a la salud de la mujer, centrada en el crecimiento org\u00e1nico sostenible y el desarrollo empresarial estrat\u00e9gico. Deseo agradecer a Anish su excepcional trabajo de separaci\u00f3n del negocio de Teva y la creaci\u00f3n de una base excelente para el crecimiento futuro de Theramex. Le deseo el mayor \u00e9xito al comenzar un nuevo cap\u00edtulo en su carrera profesional\u00bb.<\/p>\n\n\n\n<p>Robert Stewart afirm\u00f3: \u00abEstoy encantado de unirme a Theramex en un momento tan importante y espero aprovechar el incre\u00edble talento de la empresa para acelerar nuestro crecimiento y cumplir nuestra misi\u00f3n atendiendo las necesidades de salud de la mujer en todo el mundo\u00bb.<\/p>\n\n\n\n<div class=\"wp-block-group\"><div class=\"wp-block-group__inner-container is-layout-flow wp-block-group-is-layout-flow\">\n<h2 class=\"wp-block-heading\">Consultas:<\/h2>\n\n\n\n<p>Maitland\/AMO Alasdair Lennon<br>alennon@maitland.co.uk<br>+44 (0)207 395 0435<\/p>\n<\/div><\/div>\n\n\n\n<div class=\"wp-block-group\"><div class=\"wp-block-group__inner-container is-layout-flow wp-block-group-is-layout-flow\">\n<h2 class=\"wp-block-heading\">Sobre Theramex: <\/h2>\n\n\n\n<p>Theramex es una empresa farmac\u00e9utica especializada, l\u00edder mundial, dedicada a la mujer y su salud. Con una amplia gama de marcas innovadoras y establecidas que comprenden la anticoncepci\u00f3n, la fertilidad, la menopausia y la osteoporosis, apoyamos a la mujer en todas las etapas de su vida. Nuestro compromiso consiste en escuchar a nuestras usuarias, satisfacer sus necesidades y ofrecer soluciones sanitarias para ayudar a mejorar sus vidas. Nuestra visi\u00f3n es convertirnos en un compa\u00f1ero de la mujer a lo largo de su vida, y de los profesionales sanitarios que la tratan, proporcionando soluciones innovadoras, efectivas y seguras que cuiden y apoyen a las mujeres en todas las etapas de sus vidas. Para obtener m\u00e1s informaci\u00f3n, visita <a href=\"http:\/\/www.theramex.com\">www.theramex.com<\/a><\/p>\n<\/div><\/div>\n","protected":false},"excerpt":{"rendered":"<p>Theramex, la empresa farmac\u00e9utica global especializada, dedicada a la salud de la mujer, se complace en anunciar el nombramiento de Robert Stewart como nuevo CEO, con fecha efectiva desde el 9 de marzo de 2020. Anish Mehta ha decidido dejar el puesto de CEO por motivos personales, pero colaborar\u00e1 con Robert para garantizar una transici\u00f3n [&hellip;]<\/p>\n","protected":false},"author":29,"featured_media":0,"comment_status":"closed","ping_status":"closed","sticky":false,"template":"","format":"standard","meta":{"_acf_changed":false,"inline_featured_image":false,"footnotes":""},"categories":[30],"tags":[],"class_list":["post-966","post","type-post","status-publish","format-standard","hentry","category-corporativo"],"acf":[],"yoast_head":"<!-- This site is optimized with the Yoast SEO plugin v27.3 - https:\/\/yoast.com\/product\/yoast-seo-wordpress\/ -->\n<title>Robert Stewart, nuevo CEO de Theramex<\/title>\n<meta name=\"robots\" content=\"index, follow, max-snippet:-1, max-image-preview:large, max-video-preview:-1\" \/>\n<link rel=\"canonical\" href=\"https:\/\/www.theramex.com\/es\/noticias\/robert-stewart-nuevo-ceo-de-theramex\/\" \/>\n<meta property=\"og:locale\" content=\"es_ES\" \/>\n<meta property=\"og:type\" content=\"article\" \/>\n<meta property=\"og:title\" content=\"Robert Stewart, nuevo CEO de Theramex\" \/>\n<meta property=\"og:description\" content=\"Theramex, la empresa farmac\u00e9utica global especializada, dedicada a la salud de la mujer, se complace en anunciar el nombramiento de Robert Stewart como nuevo CEO, con fecha efectiva desde el 9 de marzo de 2020. Anish Mehta ha decidido dejar el puesto de CEO por motivos personales, pero colaborar\u00e1 con Robert para garantizar una transici\u00f3n [&hellip;]\" \/>\n<meta property=\"og:url\" content=\"https:\/\/www.theramex.com\/es\/noticias\/robert-stewart-nuevo-ceo-de-theramex\/\" \/>\n<meta property=\"og:site_name\" content=\"Theramex Spain\" \/>\n<meta property=\"article:published_time\" content=\"2020-03-04T17:34:00+00:00\" \/>\n<meta property=\"article:modified_time\" content=\"2022-02-28T10:21:40+00:00\" \/>\n<meta name=\"author\" content=\"emilyhalsall\" \/>\n<meta name=\"twitter:card\" content=\"summary_large_image\" \/>\n<meta name=\"twitter:label1\" content=\"Written by\" \/>\n\t<meta name=\"twitter:data1\" content=\"emilyhalsall\" \/>\n\t<meta name=\"twitter:label2\" content=\"Est. reading time\" \/>\n\t<meta name=\"twitter:data2\" content=\"3 minutos\" \/>\n<script type=\"application\/ld+json\" class=\"yoast-schema-graph\">{\"@context\":\"https:\\\/\\\/schema.org\",\"@graph\":[{\"@type\":\"Article\",\"@id\":\"https:\\\/\\\/www.theramex.com\\\/es\\\/noticias\\\/robert-stewart-nuevo-ceo-de-theramex\\\/#article\",\"isPartOf\":{\"@id\":\"https:\\\/\\\/www.theramex.com\\\/es\\\/noticias\\\/robert-stewart-nuevo-ceo-de-theramex\\\/\"},\"author\":{\"name\":\"emilyhalsall\",\"@id\":\"https:\\\/\\\/www.theramex.com\\\/es\\\/#\\\/schema\\\/person\\\/9c60747af86c202492df2e05d88a42cb\"},\"headline\":\"Robert Stewart, nuevo CEO de Theramex\",\"datePublished\":\"2020-03-04T17:34:00+00:00\",\"dateModified\":\"2022-02-28T10:21:40+00:00\",\"mainEntityOfPage\":{\"@id\":\"https:\\\/\\\/www.theramex.com\\\/es\\\/noticias\\\/robert-stewart-nuevo-ceo-de-theramex\\\/\"},\"wordCount\":542,\"publisher\":{\"@id\":\"https:\\\/\\\/www.theramex.com\\\/es\\\/#organization\"},\"articleSection\":[\"Corporativo\"],\"inLanguage\":\"es\"},{\"@type\":\"WebPage\",\"@id\":\"https:\\\/\\\/www.theramex.com\\\/es\\\/noticias\\\/robert-stewart-nuevo-ceo-de-theramex\\\/\",\"url\":\"https:\\\/\\\/www.theramex.com\\\/es\\\/noticias\\\/robert-stewart-nuevo-ceo-de-theramex\\\/\",\"name\":\"Robert Stewart, nuevo CEO de Theramex\",\"isPartOf\":{\"@id\":\"https:\\\/\\\/www.theramex.com\\\/es\\\/#website\"},\"datePublished\":\"2020-03-04T17:34:00+00:00\",\"dateModified\":\"2022-02-28T10:21:40+00:00\",\"breadcrumb\":{\"@id\":\"https:\\\/\\\/www.theramex.com\\\/es\\\/noticias\\\/robert-stewart-nuevo-ceo-de-theramex\\\/#breadcrumb\"},\"inLanguage\":\"es\",\"potentialAction\":[{\"@type\":\"ReadAction\",\"target\":[\"https:\\\/\\\/www.theramex.com\\\/es\\\/noticias\\\/robert-stewart-nuevo-ceo-de-theramex\\\/\"]}]},{\"@type\":\"BreadcrumbList\",\"@id\":\"https:\\\/\\\/www.theramex.com\\\/es\\\/noticias\\\/robert-stewart-nuevo-ceo-de-theramex\\\/#breadcrumb\",\"itemListElement\":[{\"@type\":\"ListItem\",\"position\":1,\"name\":\"Home\",\"item\":\"https:\\\/\\\/www.theramex.com\\\/es\\\/\"},{\"@type\":\"ListItem\",\"position\":2,\"name\":\"Robert Stewart, nuevo CEO de Theramex\"}]},{\"@type\":\"WebSite\",\"@id\":\"https:\\\/\\\/www.theramex.com\\\/es\\\/#website\",\"url\":\"https:\\\/\\\/www.theramex.com\\\/es\\\/\",\"name\":\"Theramex Spain\",\"description\":\"\",\"publisher\":{\"@id\":\"https:\\\/\\\/www.theramex.com\\\/es\\\/#organization\"},\"potentialAction\":[{\"@type\":\"SearchAction\",\"target\":{\"@type\":\"EntryPoint\",\"urlTemplate\":\"https:\\\/\\\/www.theramex.com\\\/es\\\/?s={search_term_string}\"},\"query-input\":{\"@type\":\"PropertyValueSpecification\",\"valueRequired\":true,\"valueName\":\"search_term_string\"}}],\"inLanguage\":\"es\"},{\"@type\":\"Organization\",\"@id\":\"https:\\\/\\\/www.theramex.com\\\/es\\\/#organization\",\"name\":\"Theramex\",\"url\":\"https:\\\/\\\/www.theramex.com\\\/es\\\/\",\"logo\":{\"@type\":\"ImageObject\",\"inLanguage\":\"es\",\"@id\":\"https:\\\/\\\/www.theramex.com\\\/es\\\/#\\\/schema\\\/logo\\\/image\\\/\",\"url\":\"https:\\\/\\\/www.theramex.com\\\/es\\\/wp-content\\\/uploads\\\/sites\\\/3\\\/2021\\\/06\\\/Theramex-logo-with-words-colour.png\",\"contentUrl\":\"https:\\\/\\\/www.theramex.com\\\/es\\\/wp-content\\\/uploads\\\/sites\\\/3\\\/2021\\\/06\\\/Theramex-logo-with-words-colour.png\",\"width\":1556,\"height\":693,\"caption\":\"Theramex\"},\"image\":{\"@id\":\"https:\\\/\\\/www.theramex.com\\\/es\\\/#\\\/schema\\\/logo\\\/image\\\/\"}},{\"@type\":\"Person\",\"@id\":\"https:\\\/\\\/www.theramex.com\\\/es\\\/#\\\/schema\\\/person\\\/9c60747af86c202492df2e05d88a42cb\",\"name\":\"emilyhalsall\",\"url\":\"https:\\\/\\\/www.theramex.com\\\/es\\\/noticias\\\/author\\\/emilyhalsall\\\/\"}]}<\/script>\n<!-- \/ Yoast SEO plugin. -->","yoast_head_json":{"title":"Robert Stewart, nuevo CEO de Theramex","robots":{"index":"index","follow":"follow","max-snippet":"max-snippet:-1","max-image-preview":"max-image-preview:large","max-video-preview":"max-video-preview:-1"},"canonical":"https:\/\/www.theramex.com\/es\/noticias\/robert-stewart-nuevo-ceo-de-theramex\/","og_locale":"es_ES","og_type":"article","og_title":"Robert Stewart, nuevo CEO de Theramex","og_description":"Theramex, la empresa farmac\u00e9utica global especializada, dedicada a la salud de la mujer, se complace en anunciar el nombramiento de Robert Stewart como nuevo CEO, con fecha efectiva desde el 9 de marzo de 2020. Anish Mehta ha decidido dejar el puesto de CEO por motivos personales, pero colaborar\u00e1 con Robert para garantizar una transici\u00f3n [&hellip;]","og_url":"https:\/\/www.theramex.com\/es\/noticias\/robert-stewart-nuevo-ceo-de-theramex\/","og_site_name":"Theramex Spain","article_published_time":"2020-03-04T17:34:00+00:00","article_modified_time":"2022-02-28T10:21:40+00:00","author":"emilyhalsall","twitter_card":"summary_large_image","twitter_misc":{"Written by":"emilyhalsall","Est. reading time":"3 minutos"},"schema":{"@context":"https:\/\/schema.org","@graph":[{"@type":"Article","@id":"https:\/\/www.theramex.com\/es\/noticias\/robert-stewart-nuevo-ceo-de-theramex\/#article","isPartOf":{"@id":"https:\/\/www.theramex.com\/es\/noticias\/robert-stewart-nuevo-ceo-de-theramex\/"},"author":{"name":"emilyhalsall","@id":"https:\/\/www.theramex.com\/es\/#\/schema\/person\/9c60747af86c202492df2e05d88a42cb"},"headline":"Robert Stewart, nuevo CEO de Theramex","datePublished":"2020-03-04T17:34:00+00:00","dateModified":"2022-02-28T10:21:40+00:00","mainEntityOfPage":{"@id":"https:\/\/www.theramex.com\/es\/noticias\/robert-stewart-nuevo-ceo-de-theramex\/"},"wordCount":542,"publisher":{"@id":"https:\/\/www.theramex.com\/es\/#organization"},"articleSection":["Corporativo"],"inLanguage":"es"},{"@type":"WebPage","@id":"https:\/\/www.theramex.com\/es\/noticias\/robert-stewart-nuevo-ceo-de-theramex\/","url":"https:\/\/www.theramex.com\/es\/noticias\/robert-stewart-nuevo-ceo-de-theramex\/","name":"Robert Stewart, nuevo CEO de Theramex","isPartOf":{"@id":"https:\/\/www.theramex.com\/es\/#website"},"datePublished":"2020-03-04T17:34:00+00:00","dateModified":"2022-02-28T10:21:40+00:00","breadcrumb":{"@id":"https:\/\/www.theramex.com\/es\/noticias\/robert-stewart-nuevo-ceo-de-theramex\/#breadcrumb"},"inLanguage":"es","potentialAction":[{"@type":"ReadAction","target":["https:\/\/www.theramex.com\/es\/noticias\/robert-stewart-nuevo-ceo-de-theramex\/"]}]},{"@type":"BreadcrumbList","@id":"https:\/\/www.theramex.com\/es\/noticias\/robert-stewart-nuevo-ceo-de-theramex\/#breadcrumb","itemListElement":[{"@type":"ListItem","position":1,"name":"Home","item":"https:\/\/www.theramex.com\/es\/"},{"@type":"ListItem","position":2,"name":"Robert Stewart, nuevo CEO de Theramex"}]},{"@type":"WebSite","@id":"https:\/\/www.theramex.com\/es\/#website","url":"https:\/\/www.theramex.com\/es\/","name":"Theramex Spain","description":"","publisher":{"@id":"https:\/\/www.theramex.com\/es\/#organization"},"potentialAction":[{"@type":"SearchAction","target":{"@type":"EntryPoint","urlTemplate":"https:\/\/www.theramex.com\/es\/?s={search_term_string}"},"query-input":{"@type":"PropertyValueSpecification","valueRequired":true,"valueName":"search_term_string"}}],"inLanguage":"es"},{"@type":"Organization","@id":"https:\/\/www.theramex.com\/es\/#organization","name":"Theramex","url":"https:\/\/www.theramex.com\/es\/","logo":{"@type":"ImageObject","inLanguage":"es","@id":"https:\/\/www.theramex.com\/es\/#\/schema\/logo\/image\/","url":"https:\/\/www.theramex.com\/es\/wp-content\/uploads\/sites\/3\/2021\/06\/Theramex-logo-with-words-colour.png","contentUrl":"https:\/\/www.theramex.com\/es\/wp-content\/uploads\/sites\/3\/2021\/06\/Theramex-logo-with-words-colour.png","width":1556,"height":693,"caption":"Theramex"},"image":{"@id":"https:\/\/www.theramex.com\/es\/#\/schema\/logo\/image\/"}},{"@type":"Person","@id":"https:\/\/www.theramex.com\/es\/#\/schema\/person\/9c60747af86c202492df2e05d88a42cb","name":"emilyhalsall","url":"https:\/\/www.theramex.com\/es\/noticias\/author\/emilyhalsall\/"}]}},"_links":{"self":[{"href":"https:\/\/www.theramex.com\/es\/wp-json\/wp\/v2\/posts\/966","targetHints":{"allow":["GET"]}}],"collection":[{"href":"https:\/\/www.theramex.com\/es\/wp-json\/wp\/v2\/posts"}],"about":[{"href":"https:\/\/www.theramex.com\/es\/wp-json\/wp\/v2\/types\/post"}],"author":[{"embeddable":true,"href":"https:\/\/www.theramex.com\/es\/wp-json\/wp\/v2\/users\/29"}],"replies":[{"embeddable":true,"href":"https:\/\/www.theramex.com\/es\/wp-json\/wp\/v2\/comments?post=966"}],"version-history":[{"count":8,"href":"https:\/\/www.theramex.com\/es\/wp-json\/wp\/v2\/posts\/966\/revisions"}],"predecessor-version":[{"id":1538,"href":"https:\/\/www.theramex.com\/es\/wp-json\/wp\/v2\/posts\/966\/revisions\/1538"}],"wp:attachment":[{"href":"https:\/\/www.theramex.com\/es\/wp-json\/wp\/v2\/media?parent=966"}],"wp:term":[{"taxonomy":"category","embeddable":true,"href":"https:\/\/www.theramex.com\/es\/wp-json\/wp\/v2\/categories?post=966"},{"taxonomy":"post_tag","embeddable":true,"href":"https:\/\/www.theramex.com\/es\/wp-json\/wp\/v2\/tags?post=966"}],"curies":[{"name":"wp","href":"https:\/\/api.w.org\/{rel}","templated":true}]}}